[{"@context":"https:\/\/schema.org\/","@type":"Article","@id":"https:\/\/www.akdas.cz\/vzdy-je-potreba-udelat-v-mode-zmenu\/#Article","mainEntityOfPage":"https:\/\/www.akdas.cz\/vzdy-je-potreba-udelat-v-mode-zmenu\/","headline":"V\u017edy je pot\u0159eba ud\u011blat v m\u00f3d\u011b zm\u011bnu","name":"V\u017edy je pot\u0159eba ud\u011blat v m\u00f3d\u011b zm\u011bnu","description":"Tak&Atilde;&copy; jste tak posedl&Atilde;&frac12; m&Atilde;&sup3;dou jako j&Atilde;&iexcl;? J&Atilde;&iexcl; se popravd&Auml;&#8250; p&Aring;&#8482;izn&Atilde;&iexcl;m, &Aring;&frac34;e j&Atilde;&iexcl; m&Atilde;&iexcl;m m&Atilde;&sup3;du stra&Aring;&iexcl;n&Auml;&#8250; r&Atilde;&iexcl;da. Stra&Aring;&iexcl;n&Auml;&#8250; r&Atilde;&iexcl;da se obl&Atilde;&copy;k&Atilde;&iexcl;m a hlavn&Auml;&#8250; m&Atilde;&iexcl;m r&Atilde;&iexcl;da ka&Aring;&frac34;d&Atilde;&frac12; den &Atilde;&ordm;pln&Auml;&#8250; n&Auml;&#8250;co jin&Atilde;&copy;ho. Neum&Atilde;&shy;m si p&Aring;&#8482;edstavit, &Aring;&frac34;e bych prost&Auml;&#8250; chodila ka&Aring;&frac34;d&Atilde;&frac12; den v tom stejn&Atilde;&copy;m oble&Auml;en&Atilde;&shy;&hellip;","datePublished":"2023-09-28","dateModified":"2024-03-28","author":{"@type":"Person","@id":"https:\/\/www.akdas.cz\/author\/#Person","name":"","url":"https:\/\/www.akdas.cz\/author\/","identifier":1,"image":{"@type":"ImageObject","@id":"https:\/\/secure.gravatar.com\/avatar\/6196ab3290f0588684cbf95ce4767834b8315bcb507f63d5b017eaff100340dd?s=96&d=mm&r=g","url":"https:\/\/secure.gravatar.com\/avatar\/6196ab3290f0588684cbf95ce4767834b8315bcb507f63d5b017eaff100340dd?s=96&d=mm&r=g","height":96,"width":96}},"publisher":{"@type":"Organization","name":"akdas.cz","logo":{"@type":"ImageObject","@id":"\/logo.png","url":"\/logo.png","width":600,"height":60}},"image":{"@type":"ImageObject","@id":"https:\/\/www.akdas.cz\/wp-content\/uploads\/nature-4487820_1280_1.jpg","url":"https:\/\/www.akdas.cz\/wp-content\/uploads\/nature-4487820_1280_1.jpg","height":0,"width":0},"url":"https:\/\/www.akdas.cz\/vzdy-je-potreba-udelat-v-mode-zmenu\/","about":["M\u00f3da"],"wordCount":851,"articleBody":"Tak&Atilde;&copy; jste tak posedl&Atilde;&frac12; m&Atilde;&sup3;dou jako j&Atilde;&iexcl;? J&Atilde;&iexcl; se popravd&Auml;&#8250; p&Aring;&#8482;izn&Atilde;&iexcl;m, &Aring;&frac34;e j&Atilde;&iexcl; m&Atilde;&iexcl;m m&Atilde;&sup3;du stra&Aring;&iexcl;n&Auml;&#8250; r&Atilde;&iexcl;da. Stra&Aring;&iexcl;n&Auml;&#8250; r&Atilde;&iexcl;da se obl&Atilde;&copy;k&Atilde;&iexcl;m a hlavn&Auml;&#8250; m&Atilde;&iexcl;m r&Atilde;&iexcl;da ka&Aring;&frac34;d&Atilde;&frac12; den &Atilde;&ordm;pln&Auml;&#8250; n&Auml;&#8250;co jin&Atilde;&copy;ho. Neum&Atilde;&shy;m si p&Aring;&#8482;edstavit, &Aring;&frac34;e bych prost&Auml;&#8250; chodila ka&Aring;&frac34;d&Atilde;&frac12; den v tom stejn&Atilde;&copy;m oble&Auml;en&Atilde;&shy; jako n&Auml;&#8250;kte&Aring;&#8482;&Atilde;&shy; lid&Atilde;&copy;, kter&Atilde;&copy; potk&Atilde;&iexcl;v&Atilde;&iexcl;m. J&Atilde;&iexcl; jsem prost&Auml;&#8250; takov&Atilde;&iexcl;, &Aring;&frac34;e m&Atilde;&iexcl;m stra&Aring;&iexcl;n&Auml;&#8250; r&Atilde;&iexcl;da po&Aring;&#8482;&Atilde;&iexcl;d n&Auml;&#8250;jakou zm&Auml;&#8250;nu. Nejsem zvykl&Atilde;&iexcl; nosit to jedno a to sam&Atilde;&copy; oble&Auml;en&Atilde;&shy;. Pot&Aring;&#8482;ebuji zm&Auml;&#8250;nit tri&Auml;ka, d&Aring;&frac34;&Atilde;&shy;ny, halenky, &Aring;&iexcl;aty, boty a hlavn&Auml;&#8250; r&Atilde;&iexcl;da chod&Atilde;&shy;m slad&Auml;&#8250;n&Atilde;&iexcl;. Mysl&Atilde;&shy;m si, &Aring;&frac34;e pr&Atilde;&iexcl;v&Auml;&#8250; ten, kdo chod&Atilde;&shy; slad&Auml;&#8250;n&Atilde;&frac12;, tak je to &Atilde;&ordm;pln&Auml;&#8250; &Atilde;&ordm;&Aring;&frac34;asn&Atilde;&copy;, proto&Aring;&frac34;e je to v&Aring;&frac34;dycky takov&Atilde;&iexcl; zm&Auml;&#8250;na a je to prost&Auml;&#8250; v&Atilde;&shy;c takov&Atilde;&copy; sebev&Auml;&#8250;dom&Atilde;&copy; . A vlastn&Auml;&#8250; ka&Aring;&frac34;d&Atilde;&frac12; den se prost&Auml;&#8250; c&Atilde;&shy;t&Atilde;&shy;m tro&Aring;&iexcl;ku jinak.&Acirc;&nbsp;&Acirc;&nbsp;Nec&Atilde;&shy;t&Atilde;&shy;m se po&Aring;&#8482;&Atilde;&iexcl;d v tom sam&Atilde;&copy;m oble&Auml;en&Atilde;&shy;, ale prost&Auml;&#8250; c&Atilde;&shy;t&Atilde;&shy;m na sob&Auml;&#8250; tro&Aring;&iexcl;ku n&Auml;&#8250;co jin&Atilde;&copy;ho, proto&Aring;&frac34;e kdy&Aring;&frac34; &Auml;lov&Auml;&#8250;k nechod&Atilde;&shy; v tom sam&Atilde;&copy;m, tak se prost&Auml;&#8250; c&Atilde;&shy;t&Atilde;&shy; &Atilde;&ordm;pln&Auml;&#8250; jinak i vnit&Aring;&#8482;n&Auml;&#8250;. Mysl&Atilde;&shy;m si, &Aring;&frac34;e ka&Aring;&frac34;d&Atilde;&frac12; &Auml;lov&Auml;&#8250;k je pot&Aring;&#8482;ebn&Atilde;&frac12;, aby pro sebe n&Auml;&#8250;co ud&Auml;&#8250;lal a aby o sebe dbal. D&Aring;&macr;le&Aring;&frac34;it&Atilde;&iexcl; je hygiena, r&Aring;&macr;zn&Atilde;&copy; dal&Aring;&iexcl;&Atilde;&shy; pot&Aring;&#8482;eby, prost&Auml;&#8250; ka&Aring;&frac34;d&Atilde;&frac12; den jin&Atilde;&copy; oble&Auml;en&Atilde;&shy;. Je prost&Auml;&#8250; pot&Aring;&#8482;eba, aby &Auml;lov&Auml;&#8250;k o sebe dbal, ob&Auml;as za&Aring;&iexcl;el na kosmetiku nebo ke kade&Aring;&#8482;nici. Prost&Auml;&#8250; je pot&Aring;&#8482;eba, aby se &Auml;lov&Auml;&#8250;k m&Auml;&#8250;nil, proto&Aring;&frac34;e kdy&Aring;&frac34; se nebudeme m&Auml;&#8250;nit a budeme po&Aring;&#8482;&Atilde;&iexcl;d stejn&Atilde;&shy;, tak z toho v &Aring;&frac34;ivot&Auml;&#8250; nic m&Atilde;&shy;t nebudeme. Je prost&Auml;&#8250; pot&Aring;&#8482;eba, abychom n&Auml;&#8250;jak fungovali, abychom se zm&Auml;&#8250;nili a abychom ze sebe m&Auml;&#8250;li hlavn&Auml;&#8250; radost, proto&Aring;&frac34;e radost je pro n&Atilde;&iexcl;s opravdu velice d&Aring;&macr;le&Aring;&frac34;it&Atilde;&iexcl;.&Acirc;&nbsp;&Acirc;&nbsp;Mus&Atilde;&shy;me b&Atilde;&frac12;t &Aring;&iexcl;&Aring;&yen;astn&Atilde;&shy; a spokojen&Atilde;&shy; se sebou. Kdy&Aring;&frac34; budeme se sebou spokojeni, p&Aring;&macr;jde n&Atilde;&iexcl;m v&Aring;&iexcl;e od ruky a bude to mnohem, mnohem lep&Aring;&iexcl;&Atilde;&shy; a p&Aring;&#8482;&Atilde;&shy;nosn&Auml;&#8250;j&Aring;&iexcl;&Atilde;&shy; pro n&Atilde;&iexcl;s. Budeme se c&Atilde;&shy;tit mnohem v&Atilde;&shy;ce &Aring;&iexcl;&Aring;&yen;astn&Auml;&#8250;ji a spokojeni. V&Aring;&frac34;dy je lep&Aring;&iexcl;&Atilde;&shy; pro sebe n&Auml;&#8250;co ud&Auml;&#8250;lat, ne&Aring;&frac34; &Auml;ekat a&Aring;&frac34; se n&Atilde;&iexcl;m bude cht&Atilde;&shy;t. I kdyby se n&Atilde;&iexcl;m necht&Auml;&#8250;lo, tak prost&Auml;&#8250; mus&Atilde;&shy;me fungovat, proto&Aring;&frac34;e kdy&Aring;&frac34; to ud&Auml;&#8250;l&Atilde;&iexcl;me, tak se za&Auml;nou d&Atilde;&shy;t velk&Atilde;&copy; z&Atilde;&iexcl;zraky.&Acirc;&nbsp; Tak&Aring;&frac34;e honem, a&Aring;&yen; si ud&Auml;&#8250;l&Atilde;&iexcl;me kone&Auml;n&Auml;&#8250; n&Auml;&#8250;co po&Aring;&#8482;&Atilde;&iexcl;dn&Atilde;&copy;ho pro sebe. Nemysl&Atilde;&shy;te si.                                                                                                                                                                                                                                                                                                                                                                                        4.4\/5 - (15 votes)        "},{"@context":"https:\/\/schema.org\/","@type":"BreadcrumbList","itemListElement":[{"@type":"ListItem","position":1,"name":"V\u017edy je pot\u0159eba ud\u011blat v m\u00f3d\u011b zm\u011bnu","item":"https:\/\/www.akdas.cz\/vzdy-je-potreba-udelat-v-mode-zmenu\/#breadcrumbitem"}]}]